{"id":6698,"date":"2025-04-07T17:00:42","date_gmt":"2025-04-07T14:00:42","guid":{"rendered":"https:\/\/www.dortyolyukselis.k12.tr\/?p=6698"},"modified":"2025-05-22T15:00:30","modified_gmt":"2025-05-22T12:00:30","slug":"07-13-nisan-polis-haftasi","status":"publish","type":"post","link":"https:\/\/www.dortyolyukselis.k12.tr\/?p=6698","title":{"rendered":"07-13 Nisan Polis Haftas\u0131"},"content":{"rendered":"<p>[vc_row][vc_column][vc_column_text]<span style=\"font-size: 14pt;\">Aziz milletimizin huzur ve g\u00fcvenli\u011fini temin etmek, kamu d\u00fczenini sa\u011flamak, vatanda\u015flar\u0131m\u0131z\u0131n can ve mal emniyetini korumak amac\u0131yla mesai mefhumu g\u00f6zetmeksizin g\u00f6rev yapan, \u00fcst\u00fcn g\u00f6rev anlay\u0131\u015f\u0131 ve y\u00fcksek sorumluluk bilinciyle hizmet sunan T\u00fcrk Polis Te\u015fkilat\u0131m\u0131z\u0131n 180. kurulu\u015f y\u0131l d\u00f6n\u00fcm\u00fcn\u00fc ve Polis Haftas\u0131 kutlu olsun.\u00a0<\/span><\/p>\n<p><span style=\"font-size: 14pt;\">Cumhuriyetimizin Kurucusu Gazi Mustafa Kemal Atat\u00fcrk\u2019\u00fcn, \u201cHerkesin polisi kendi vicdan\u0131d\u0131r, fakat polis vicdan\u0131 olmayanlar\u0131n kar\u015f\u0131s\u0131ndad\u0131r.\u201d veciz s\u00f6z\u00fcn\u00fc \u015fiar edinmi\u015f olan T\u00fcrk Polisi, devletimizin bekas\u0131na, halk\u0131m\u0131z\u0131n huzuruna kast eden t\u00fcm tehditlere kar\u015f\u0131 durmay\u0131 her zaman en \u015ferefli g\u00f6rev bilmi\u015ftir. \u00a0\u00a0 \u00a0<\/span><\/p>\n<p><span style=\"font-size: 14pt;\">Bu anlaml\u0131 g\u00fcn vesilesiyle, ba\u015fta Gazi Mustafa Kemal Atat\u00fcrk ve silah arkada\u015flar\u0131 olmak \u00fczere, g\u00f6revleri esnas\u0131nda \u015fehadet mertebesine eri\u015fen t\u00fcm kahraman polislerimizi ve aziz \u015fehitlerimizi rahmet, minnet ve \u015f\u00fckranla an\u0131yor; gazilerimize sa\u011fl\u0131kl\u0131, huzurlu bir \u00f6m\u00fcr diliyoruz. \u00a0\u00a0 \u00a0<\/span>[\/vc_column_text][\/vc_column][\/vc_row][vc_row][vc_column][vc_media_grid element_width=&#8221;3&#8243; gap=&#8221;35&#8243; grid_id=&#8221;vc_gid:1747841661928-b0adc5db-34b8-7&#8243; include=&#8221;6674,6675,6676,6677,6678,6679,6680&#8243;][\/vc_column][\/vc_row]<\/p>\n","protected":false},"excerpt":{"rendered":"<p>Aziz milletimizin huzur ve g\u00fcvenli\u011fini temin etmek, kamu d\u00fczenini sa\u011flamak, vatanda\u015flar\u0131m\u0131z\u0131n can ve mal emniyetini korumak amac\u0131yla mesai mefhumu g\u00f6zetmeksizin g\u00f6rev yapan, \u00fcst\u00fcn g\u00f6rev anlay\u0131\u015f\u0131 ve y\u00fcksek sorumluluk bilinciyle hizmet sunan T\u00fcrk Polis Te\u015fkilat\u0131m\u0131z\u0131n 180. kurulu\u015f y\u0131l d\u00f6n\u00fcm\u00fcn\u00fc ve Polis Haftas\u0131 kutlu olsun.<\/p>\n","protected":false},"author":1,"featured_media":6675,"comment_status":"closed","ping_status":"closed","sticky":false,"template":"","format":"standard","meta":{"footnotes":""},"categories":[108],"tags":[],"class_list":["post-6698","post","type-post","status-publish","format-standard","has-post-thumbnail","hentry","category-haberler"],"_links":{"self":[{"href":"https:\/\/www.dortyolyukselis.k12.tr\/index.php?rest_route=\/wp\/v2\/posts\/6698","targetHints":{"allow":["GET"]}}],"collection":[{"href":"https:\/\/www.dortyolyukselis.k12.tr\/index.php?rest_route=\/wp\/v2\/posts"}],"about":[{"href":"https:\/\/www.dortyolyukselis.k12.tr\/index.php?rest_route=\/wp\/v2\/types\/post"}],"author":[{"embeddable":true,"href":"https:\/\/www.dortyolyukselis.k12.tr\/index.php?rest_route=\/wp\/v2\/users\/1"}],"replies":[{"embeddable":true,"href":"https:\/\/www.dortyolyukselis.k12.tr\/index.php?rest_route=%2Fwp%2Fv2%2Fcomments&post=6698"}],"version-history":[{"count":2,"href":"https:\/\/www.dortyolyukselis.k12.tr\/index.php?rest_route=\/wp\/v2\/posts\/6698\/revisions"}],"predecessor-version":[{"id":6703,"href":"https:\/\/www.dortyolyukselis.k12.tr\/index.php?rest_route=\/wp\/v2\/posts\/6698\/revisions\/6703"}],"wp:featuredmedia":[{"embeddable":true,"href":"https:\/\/www.dortyolyukselis.k12.tr\/index.php?rest_route=\/wp\/v2\/media\/6675"}],"wp:attachment":[{"href":"https:\/\/www.dortyolyukselis.k12.tr\/index.php?rest_route=%2Fwp%2Fv2%2Fmedia&parent=6698"}],"wp:term":[{"taxonomy":"category","embeddable":true,"href":"https:\/\/www.dortyolyukselis.k12.tr\/index.php?rest_route=%2Fwp%2Fv2%2Fcategories&post=6698"},{"taxonomy":"post_tag","embeddable":true,"href":"https:\/\/www.dortyolyukselis.k12.tr\/index.php?rest_route=%2Fwp%2Fv2%2Ftags&post=6698"}],"curies":[{"name":"wp","href":"https:\/\/api.w.org\/{rel}","templated":true}]}}